{"id":94,"date":"2026-02-08T12:00:00","date_gmt":"2026-02-08T12:00:00","guid":{"rendered":"https:\/\/bernos-beaulac-village-grandeur-nature.com\/?p=61"},"modified":"2026-02-08T09:35:17","modified_gmt":"2026-02-08T09:35:17","slug":"francois-audignon","status":"publish","type":"post","link":"https:\/\/bernos-beaulac-village-grandeur-nature.com\/index.php\/2026\/02\/08\/francois-audignon\/","title":{"rendered":"Fran\u00e7ois AUDIGNON"},"content":{"rendered":"\n<div class=\"wp-block-columns is-layout-flex wp-container-core-columns-is-layout-28f84493 wp-block-columns-is-layout-flex\">\n<div class=\"wp-block-column is-layout-flow wp-block-column-is-layout-flow\" style=\"flex-basis:33.33%\">\n<figure class=\"wp-block-image size-full has-custom-border\"><img loading=\"lazy\" decoding=\"async\" width=\"1024\" height=\"1536\" src=\"https:\/\/bernos-beaulac-village-grandeur-nature.com\/wp-content\/uploads\/2026\/02\/Francois-A.png\" alt=\"\" class=\"wp-image-192\" style=\"border-width:5px;border-top-left-radius:50px;border-top-right-radius:50px;border-bottom-left-radius:50px;border-bottom-right-radius:50px\" srcset=\"https:\/\/bernos-beaulac-village-grandeur-nature.com\/wp-content\/uploads\/2026\/02\/Francois-A.png 1024w, https:\/\/bernos-beaulac-village-grandeur-nature.com\/wp-content\/uploads\/2026\/02\/Francois-A-200x300.png 200w, https:\/\/bernos-beaulac-village-grandeur-nature.com\/wp-content\/uploads\/2026\/02\/Francois-A-683x1024.png 683w, https:\/\/bernos-beaulac-village-grandeur-nature.com\/wp-content\/uploads\/2026\/02\/Francois-A-768x1152.png 768w\" sizes=\"auto, (max-width: 1024px) 100vw, 1024px\" \/><\/figure>\n<\/div>\n\n\n\n<div class=\"wp-block-column is-layout-flow wp-block-column-is-layout-flow\" style=\"flex-basis:66.66%\">\n<blockquote class=\"wp-block-quote is-layout-flow wp-block-quote-is-layout-flow\">\n<p>Retrait\u00e9 de la fonction publique d\u2019Etat, je mets au service de la collectivit\u00e9 mon sens du devoir, mon s\u00e9rieux et une solide connaissance du fonctionnement administratif.<br>Attach\u00e9 \u00e0 la commune et \u00e0 ses habitants, je me suis pleinement investi au cours du pr\u00e9c\u00e9dent mandat en tant que conseiller municipal d\u00e9l\u00e9gu\u00e9 sortant. Mon engagement constant m\u2019a permis de participer activement aux d\u00e9cisions locales, toujours avec le souci de l\u2019int\u00e9r\u00eat g\u00e9n\u00e9ral, de l\u2019honn\u00eatet\u00e9, de la transparence.<br>J\u2019accorde pleinement ma confiance \u00e0 Jacqueline et souhaite poursuivre le travail engag\u00e9 avec une \u00e9quipe renforc\u00e9e, notamment sur des sujets qui me tiennent particuli\u00e8rement \u00e0 c\u0153ur.<br>La r\u00e9novation des b\u00e2timents, logements communaux, \u00e9glise. Le restaurant scolaire. Le repas des anciens. La maitrise du budget municipal.<br>D\u00e9vou\u00e9, rigoureux, profond\u00e9ment attach\u00e9 au service public, je m\u2019engage \u00e0 continuer d\u2019agir avec s\u00e9rieux et int\u00e9grit\u00e9 pour  accompagner le d\u00e9veloppement harmonieux de la commune et<br>r\u00e9pondre aux besoins de ses habitants.<\/p>\n<\/blockquote>\n<\/div>\n<\/div>\n","protected":false},"excerpt":{"rendered":"<p>Retrait\u00e9 de la fonction publique d\u2019Etat, je mets au service de la collectivit\u00e9 mon sens du devoir, mon s\u00e9rieux et une solide connaissance du fonctionnement administratif.Attach\u00e9 \u00e0 la commune et \u00e0 ses habitants, je me suis pleinement investi au cours du pr\u00e9c\u00e9dent mandat en tant que conseiller municipal d\u00e9l\u00e9gu\u00e9 sortant. [&hellip;]<\/p>\n","protected":false},"author":1,"featured_media":192,"comment_status":"closed","ping_status":"open","sticky":false,"template":"","format":"standard","meta":{"footnotes":"","jetpack_publicize_message":"","jetpack_publicize_feature_enabled":true,"jetpack_social_post_already_shared":false,"jetpack_social_options":{"image_generator_settings":{"template":"highway","default_image_id":0,"font":"","enabled":false},"version":2}},"categories":[3,4],"tags":[],"class_list":["post-94","post","type-post","status-publish","format-standard","has-post-thumbnail","hentry","category-_pageprincipale","category-candidats"],"jetpack_publicize_connections":[],"_links":{"self":[{"href":"https:\/\/bernos-beaulac-village-grandeur-nature.com\/index.php\/wp-json\/wp\/v2\/posts\/94","targetHints":{"allow":["GET"]}}],"collection":[{"href":"https:\/\/bernos-beaulac-village-grandeur-nature.com\/index.php\/wp-json\/wp\/v2\/posts"}],"about":[{"href":"https:\/\/bernos-beaulac-village-grandeur-nature.com\/index.php\/wp-json\/wp\/v2\/types\/post"}],"author":[{"embeddable":true,"href":"https:\/\/bernos-beaulac-village-grandeur-nature.com\/index.php\/wp-json\/wp\/v2\/users\/1"}],"replies":[{"embeddable":true,"href":"https:\/\/bernos-beaulac-village-grandeur-nature.com\/index.php\/wp-json\/wp\/v2\/comments?post=94"}],"version-history":[{"count":2,"href":"https:\/\/bernos-beaulac-village-grandeur-nature.com\/index.php\/wp-json\/wp\/v2\/posts\/94\/revisions"}],"predecessor-version":[{"id":194,"href":"https:\/\/bernos-beaulac-village-grandeur-nature.com\/index.php\/wp-json\/wp\/v2\/posts\/94\/revisions\/194"}],"wp:featuredmedia":[{"embeddable":true,"href":"https:\/\/bernos-beaulac-village-grandeur-nature.com\/index.php\/wp-json\/wp\/v2\/media\/192"}],"wp:attachment":[{"href":"https:\/\/bernos-beaulac-village-grandeur-nature.com\/index.php\/wp-json\/wp\/v2\/media?parent=94"}],"wp:term":[{"taxonomy":"category","embeddable":true,"href":"https:\/\/bernos-beaulac-village-grandeur-nature.com\/index.php\/wp-json\/wp\/v2\/categories?post=94"},{"taxonomy":"post_tag","embeddable":true,"href":"https:\/\/bernos-beaulac-village-grandeur-nature.com\/index.php\/wp-json\/wp\/v2\/tags?post=94"}],"curies":[{"name":"wp","href":"https:\/\/api.w.org\/{rel}","templated":true}]}}