{"id":67,"date":"2026-02-10T13:22:00","date_gmt":"2026-02-10T13:22:00","guid":{"rendered":"https:\/\/bernos-beaulac-village-grandeur-nature.com\/?p=61"},"modified":"2026-02-10T13:22:01","modified_gmt":"2026-02-10T13:22:01","slug":"pascal-bernard","status":"publish","type":"post","link":"https:\/\/bernos-beaulac-village-grandeur-nature.com\/index.php\/2026\/02\/10\/pascal-bernard\/","title":{"rendered":"Pascal BERNARD"},"content":{"rendered":"\n<div class=\"wp-block-columns is-layout-flex wp-container-core-columns-is-layout-28f84493 wp-block-columns-is-layout-flex\">\n<div class=\"wp-block-column is-layout-flow wp-block-column-is-layout-flow\" style=\"flex-basis:33.33%\">\n<figure class=\"wp-block-image size-full has-custom-border\"><img loading=\"lazy\" decoding=\"async\" width=\"588\" height=\"606\" src=\"https:\/\/bernos-beaulac-village-grandeur-nature.com\/wp-content\/uploads\/2026\/02\/pascalCarre.png\" alt=\"\" class=\"wp-image-190\" style=\"border-width:5px;border-top-left-radius:50px;border-top-right-radius:50px;border-bottom-left-radius:50px;border-bottom-right-radius:50px\" srcset=\"https:\/\/bernos-beaulac-village-grandeur-nature.com\/wp-content\/uploads\/2026\/02\/pascalCarre.png 588w, https:\/\/bernos-beaulac-village-grandeur-nature.com\/wp-content\/uploads\/2026\/02\/pascalCarre-291x300.png 291w\" sizes=\"auto, (max-width: 588px) 100vw, 588px\" \/><\/figure>\n<\/div>\n\n\n\n<div class=\"wp-block-column is-layout-flow wp-block-column-is-layout-flow\" style=\"flex-basis:66.66%\">\n<blockquote class=\"wp-block-quote is-layout-flow wp-block-quote-is-layout-flow\">\n<p>Depuis 2020, j\u2019ai eu l\u2019honneur d\u2019accompagner Jacqueline en tant qu\u2019adjoint responsable du budget et de diverses commissions. Son combat contre la LGV, son attachement \u00e0 d\u00e9fendre les int\u00e9r\u00eats des Beaulacais et sa gestion rigoureuse de notre commune forcent l\u2019admiration. Jacqueline dit ce qu\u2019elle fait et fait ce qu\u2019elle dit. C\u2019est cette vision, \u00e0 la fois ambitieuse et proche du terrain, que je souhaite prolonger, mais aussi enrichir de nouvelles id\u00e9es pour le d\u00e9veloppement de notre commune.<\/p>\n\n\n\n<p>Nous avons su mettre en \u0153uvre nos projets et assurer le fonctionnement de la commune sans aucun d\u00e9boire financier \u00e0 la diff\u00e9rence de tous ceux qui nous gouvernent (et celles et ceux qui les ont conseill\u00e9s et accompagn\u00e9s), gouvernement, r\u00e9gion, d\u00e9partement et CDC. Nous g\u00e9rons l\u2019argent des contribuables avec plus de prudence que s\u2019il s\u2019agissait du n\u00f4tre.\u00a0<\/p>\n\n\n\n<p>J\u2019ai 58 ans. Chef de projet informatique jusqu\u2019en 2011, je suis devenu en 2013 enseignant en informatique au lyc\u00e9e Charles Despiau et \u00e0 l\u2019IUT \u00e0 Mont de Marsan, en m\u00eame temps qu\u2019instructeur num\u00e9rique pour l\u2019acad\u00e9mie de Bordeaux. Je suis professeur de judo b\u00e9n\u00e9vole au club de Bernos-Beaulac et pr\u00e9sident de l\u2019association \u201cla fermette du Ciron\u201d. <\/p>\n\n\n\n<p>J\u2019ai toujours alli\u00e9 rigueur et engagement. Mon parcours m\u2019a appris \u00e0 \u00e9couter, innover et rassembler. Aujourd\u2019hui, je souhaite de nouveau mettre cette exp\u00e9rience au service d\u2019une \u00e9quipe municipale renouvel\u00e9e, porteuse de projets concrets et r\u00e9alistes. Avec une \u00e9quipe soud\u00e9e, nous proposerons toujours une gestion responsable, des actions pour le quotidien et une vision claire pour l\u2019avenir de notre commune, parce qu\u2019elle m\u00e9rite une dynamique nouvelle.<\/p>\n\n\n\n<p><\/p>\n\n\n\n<p><\/p>\n<\/blockquote>\n<\/div>\n<\/div>\n\n\n\n<p><\/p>\n","protected":false},"excerpt":{"rendered":"<p>Depuis 2020, j\u2019ai eu l\u2019honneur d\u2019accompagner Jacqueline en tant qu\u2019adjoint responsable du budget et de diverses commissions. Son combat contre la LGV, son attachement \u00e0 d\u00e9fendre les int\u00e9r\u00eats des Beaulacais et sa gestion rigoureuse de notre commune forcent l\u2019admiration. Jacqueline dit ce qu\u2019elle fait et fait ce qu\u2019elle dit. C\u2019est [&hellip;]<\/p>\n","protected":false},"author":1,"featured_media":190,"comment_status":"closed","ping_status":"open","sticky":false,"template":"","format":"standard","meta":{"footnotes":"","jetpack_publicize_message":"","jetpack_publicize_feature_enabled":true,"jetpack_social_post_already_shared":false,"jetpack_social_options":{"image_generator_settings":{"template":"highway","default_image_id":0,"font":"","enabled":false},"version":2}},"categories":[3,4],"tags":[],"class_list":["post-67","post","type-post","status-publish","format-standard","has-post-thumbnail","hentry","category-_pageprincipale","category-candidats"],"jetpack_publicize_connections":[],"_links":{"self":[{"href":"https:\/\/bernos-beaulac-village-grandeur-nature.com\/index.php\/wp-json\/wp\/v2\/posts\/67","targetHints":{"allow":["GET"]}}],"collection":[{"href":"https:\/\/bernos-beaulac-village-grandeur-nature.com\/index.php\/wp-json\/wp\/v2\/posts"}],"about":[{"href":"https:\/\/bernos-beaulac-village-grandeur-nature.com\/index.php\/wp-json\/wp\/v2\/types\/post"}],"author":[{"embeddable":true,"href":"https:\/\/bernos-beaulac-village-grandeur-nature.com\/index.php\/wp-json\/wp\/v2\/users\/1"}],"replies":[{"embeddable":true,"href":"https:\/\/bernos-beaulac-village-grandeur-nature.com\/index.php\/wp-json\/wp\/v2\/comments?post=67"}],"version-history":[{"count":8,"href":"https:\/\/bernos-beaulac-village-grandeur-nature.com\/index.php\/wp-json\/wp\/v2\/posts\/67\/revisions"}],"predecessor-version":[{"id":223,"href":"https:\/\/bernos-beaulac-village-grandeur-nature.com\/index.php\/wp-json\/wp\/v2\/posts\/67\/revisions\/223"}],"wp:featuredmedia":[{"embeddable":true,"href":"https:\/\/bernos-beaulac-village-grandeur-nature.com\/index.php\/wp-json\/wp\/v2\/media\/190"}],"wp:attachment":[{"href":"https:\/\/bernos-beaulac-village-grandeur-nature.com\/index.php\/wp-json\/wp\/v2\/media?parent=67"}],"wp:term":[{"taxonomy":"category","embeddable":true,"href":"https:\/\/bernos-beaulac-village-grandeur-nature.com\/index.php\/wp-json\/wp\/v2\/categories?post=67"},{"taxonomy":"post_tag","embeddable":true,"href":"https:\/\/bernos-beaulac-village-grandeur-nature.com\/index.php\/wp-json\/wp\/v2\/tags?post=67"}],"curies":[{"name":"wp","href":"https:\/\/api.w.org\/{rel}","templated":true}]}}