{"id":251,"date":"2026-04-10T15:56:56","date_gmt":"2026-04-10T15:56:56","guid":{"rendered":"https:\/\/bernos-beaulac-village-grandeur-nature.com\/?p=251"},"modified":"2026-04-10T15:56:57","modified_gmt":"2026-04-10T15:56:57","slug":"train-lgv-bordeaux-toulouse-dax","status":"publish","type":"post","link":"https:\/\/bernos-beaulac-village-grandeur-nature.com\/index.php\/2026\/04\/10\/train-lgv-bordeaux-toulouse-dax\/","title":{"rendered":"Train : LGV Bordeaux-Toulouse-Dax"},"content":{"rendered":"\n<h1 class=\"wp-block-heading\">Co\u00fbt en hausse, dates peu r\u00e9alistes, difficult\u00e9s de financement : un nouvel avis mitig\u00e9<\/h1>\n\n\n\n<p>Le comit\u00e9 d\u2019orientation des infrastructures a pass\u00e9 au crible le projet de LGV au sud de Bordeaux. \u00a9 Cr\u00e9dit photo : David Le Deodic \/ SO<\/p>\n\n\n\n<p>Par&nbsp;<a href=\"https:\/\/www.sudouest.fr\/journalistes\/arnaud-dejeans\/\" rel=\"noreferrer noopener\" target=\"_blank\">Arnaud Dejeans<\/a>9 avril 2026&nbsp;Mis \u00e0 jour le 09\/04\/2026 \u00e0 6h49.<\/p>\n\n\n\n<p>Le Comit\u00e9 d\u2019orientation des infrastructures, pr\u00e9sid\u00e9 par David Valence, a transmis son dernier rapport au minist\u00e8re des Transports. Il analyse le projet des lignes nouvelles du Sud-Ouest. Alors, stop ou encore ? Les experts ne se mouillent pas<\/p>\n\n\n\n<p>Le gouvernement a demand\u00e9 au Comit\u00e9 d\u2019orientation des infrastructures (COI) d\u2019actualiser son rapport 2023 sur les grands projets ferroviaires, routiers et fluviaux du pays. Objectif pour cet organe consultatif : \u00e9valuer les dix-huit grands projets en gestation en France et donner des cl\u00e9s aux d\u00e9cideurs pour prioriser les plus pertinents. Le rapport a \u00e9t\u00e9 finalis\u00e9 d\u00e9but 2026. Il a \u00e9t\u00e9 remis au ministre des Transports Philippe Tabarot d\u00e9but avril. Le contenu du rapport&nbsp;<a href=\"https:\/\/www.contexte.com\/fr\/article\/transports\/le-nouveau-rapport-du-conseil-dorientation-des-infrastructures_261222\" rel=\"noreferrer noopener\" target=\"_blank\">a fuit\u00e9 sur le site d\u2019information \u00ab Contexte \u00bb,<\/a>&nbsp;sp\u00e9cialis\u00e9 dans les institutions et les politiques publiques.<\/p>\n\n\n\n<h2 class=\"wp-block-heading\">2032 : hors de port\u00e9e<\/h2>\n\n\n\n<p>Le COI r\u00e9p\u00e8te ce qu\u2019il a d\u00e9j\u00e0 \u00e9crit trois ans plus t\u00f4t : il faut r\u00e9g\u00e9n\u00e9rer les infrastructures existantes. Un chapitre complet est consacr\u00e9 au projet des lignes nouvelles \u00e0 grande vitesse du Sud-Ouest (LNSO) entre Bordeaux, Toulouse et Dax. Les experts remettent en cause le calendrier officiel : \u00ab L\u2019avant-projet Bordeaux-Toulouse aboutit \u00e0 une mise en service en 2032-2033, \u00e9ch\u00e9ance particuli\u00e8rement difficile \u00e0 tenir. Pour la ligne Sud-Gironde-Dax, les \u00e9lus souhaitent une mise en service en 2034, ce qui est hors de port\u00e9e. Pour m\u00e9moire, le COI avait estim\u00e9 r\u00e9alistes des \u00e9ch\u00e9ances de livraisons respectivement vers 2035 pour Bordeaux-Toulouse et vers 2042 pour Sud-Gironde-Dax. \u00bb<\/p>\n\n\n\n<h2 class=\"wp-block-heading\">R\u00e9\u00e9valuation du co\u00fbt de + 20%<\/h2>\n\n\n\n<p>L\u2019empreinte environnementale est pass\u00e9e au crible : \u00ab Le bilan des \u00e9missions de gaz \u00e0 effet de serre, partiellement r\u00e9actualis\u00e9 en 2025, reste positif, avec un \u00e9quilibre en 16 ans entre les \u00e9missions \u00e0 la construction et les gains en exploitation. L\u2019\u00e9quilibre \u00e9tait initialement attendu en 10 ans, mais la baisse r\u00e9cente du trafic a\u00e9rien Toulouse-Orly a r\u00e9duit les gains. Ce bilan doit \u00eatre compl\u00e8tement actualis\u00e9 sur la base des derni\u00e8res \u00e9tudes de trafic. \u00bb<\/p>\n\n\n\n<p>Le COI \u00e9voque aussi les probl\u00e8mes de financement du projet : \u00ab Le co\u00fbt total n\u2019est pas encore affermi. Une r\u00e9\u00e9valuation de + 20 % environ para\u00eet probable par rapport au co\u00fbt objectif. \u00bb Mais encore : \u00ab La participation de l\u2019\u00c9tat sera difficilement mobilisable \u00e0 la hauteur et dans le cadre auxquels il s\u2019\u00e9tait pourtant engag\u00e9. \u00bb<\/p>\n\n\n\n<h2 class=\"wp-block-heading\">Et maintenant ?<\/h2>\n\n\n\n<p>Faut-il continuer ou non le projet LNSO ? Le comit\u00e9 d\u2019orientation des infrastructures ne se mouille pas : \u00ab Les avis au sein du Conseil sont divergents quant \u00e0 la r\u00e9alisation des lignes nouvelles \u00e0 grande vitesse Bordeaux-Toulouse et plus encore Bordeaux-Dax et Dax-Espagne. \u00bb<\/p>\n\n\n\n<p>L\u2019avis du COI n\u2019est que consultatif. La d\u00e9cision de la poursuite du projet de LGV dans le Sud-Ouest est aujourd\u2019hui entre les mains du gouvernement.<\/p>\n\n\n\n<p>Trois options sont sur la table : confirmer la participation de l\u2019\u00c9tat dans le cadre d\u2019un financement public, prendre du recul en privil\u00e9giant un partenariat public-priv\u00e9 ou abandonner le projet dont le co\u00fbt oscille&nbsp;<a href=\"https:\/\/www.sudouest.fr\/economie\/lgv\/financement-de-la-lgv-bordeaux-toulouse-dax-public-ou-prive-ce-projet-ferroviaire-coutera-bien-plus-que-14-milliards-d-euros-27506018.php#:~:text=Le%20projet%20LNSO%20Bordeaux%2DToulouse,quasiment%20le%20co%C3%BBt%20des%20travaux.\" rel=\"noreferrer noopener\" target=\"_blank\">entre 14 et 27 milliards d\u2019euros<\/a>&nbsp;(selon le type de financement et la prise en compte ou non des frais financiers). Dernier cas de figure envisageable : temporiser jusqu\u2019\u00e0 la prochaine \u00e9lection pr\u00e9sidentielle et passer la patate chaude au prochain gouvernement.<\/p>\n\n\n\n<p>Information <\/p>\n\n\n\n<p><a href=\"https:\/\/www.sudouest.fr\/economie\/lgv\/train-lgv-bordeaux-toulouse-dax-cout-en-hausse-dates-peu-realistes-difficultes-de-financement-un-nouvel-avis-mitige-28616490.php\">https:\/\/www.sudouest.fr\/economie\/lgv\/train-lgv-bordeaux-toulouse-dax-cout-en-hausse-dates-peu-realistes-difficultes-de-financement-un-nouvel-avis-mitige-28616490.php<\/a><\/p>\n\n\n\n<div data-wp-interactive=\"core\/file\" class=\"wp-block-file\"><object data-wp-bind--hidden=\"!state.hasPdfPreview\" hidden class=\"wp-block-file__embed\" data=\"https:\/\/bernos-beaulac-village-grandeur-nature.com\/wp-content\/uploads\/2026\/04\/rapport-coi-2026-XFMz-1.pdf\" type=\"application\/pdf\" style=\"width:100%;height:863px\" aria-label=\"Contenu embarqu\u00e9 rapport-coi-2026-XFMz-1.\"><\/object><a id=\"wp-block-file--media-a6df537c-49f6-4cbc-b581-dde101828756\" href=\"https:\/\/bernos-beaulac-village-grandeur-nature.com\/wp-content\/uploads\/2026\/04\/rapport-coi-2026-XFMz-1.pdf\">rapport-coi-2026-XFMz-1<\/a><\/div>\n\n\n\n<p><\/p>\n","protected":false},"excerpt":{"rendered":"<p>Co\u00fbt en hausse, dates peu r\u00e9alistes, difficult\u00e9s de financement : un nouvel avis mitig\u00e9 Le comit\u00e9 d\u2019orientation des infrastructures a pass\u00e9 au crible le projet de LGV au sud de Bordeaux. \u00a9 Cr\u00e9dit photo : David Le Deodic \/ SO Par&nbsp;Arnaud Dejeans9 avril 2026&nbsp;Mis \u00e0 jour le 09\/04\/2026 \u00e0 6h49. [&hellip;]<\/p>\n","protected":false},"author":1,"featured_media":245,"comment_status":"closed","ping_status":"open","sticky":false,"template":"","format":"standard","meta":{"footnotes":"","jetpack_publicize_message":"","jetpack_publicize_feature_enabled":true,"jetpack_social_post_already_shared":true,"jetpack_social_options":{"image_generator_settings":{"template":"highway","default_image_id":0,"font":"","enabled":false},"version":2}},"categories":[3],"tags":[],"class_list":["post-251","post","type-post","status-publish","format-standard","has-post-thumbnail","hentry","category-_pageprincipale"],"jetpack_publicize_connections":[],"_links":{"self":[{"href":"https:\/\/bernos-beaulac-village-grandeur-nature.com\/index.php\/wp-json\/wp\/v2\/posts\/251","targetHints":{"allow":["GET"]}}],"collection":[{"href":"https:\/\/bernos-beaulac-village-grandeur-nature.com\/index.php\/wp-json\/wp\/v2\/posts"}],"about":[{"href":"https:\/\/bernos-beaulac-village-grandeur-nature.com\/index.php\/wp-json\/wp\/v2\/types\/post"}],"author":[{"embeddable":true,"href":"https:\/\/bernos-beaulac-village-grandeur-nature.com\/index.php\/wp-json\/wp\/v2\/users\/1"}],"replies":[{"embeddable":true,"href":"https:\/\/bernos-beaulac-village-grandeur-nature.com\/index.php\/wp-json\/wp\/v2\/comments?post=251"}],"version-history":[{"count":1,"href":"https:\/\/bernos-beaulac-village-grandeur-nature.com\/index.php\/wp-json\/wp\/v2\/posts\/251\/revisions"}],"predecessor-version":[{"id":254,"href":"https:\/\/bernos-beaulac-village-grandeur-nature.com\/index.php\/wp-json\/wp\/v2\/posts\/251\/revisions\/254"}],"wp:featuredmedia":[{"embeddable":true,"href":"https:\/\/bernos-beaulac-village-grandeur-nature.com\/index.php\/wp-json\/wp\/v2\/media\/245"}],"wp:attachment":[{"href":"https:\/\/bernos-beaulac-village-grandeur-nature.com\/index.php\/wp-json\/wp\/v2\/media?parent=251"}],"wp:term":[{"taxonomy":"category","embeddable":true,"href":"https:\/\/bernos-beaulac-village-grandeur-nature.com\/index.php\/wp-json\/wp\/v2\/categories?post=251"},{"taxonomy":"post_tag","embeddable":true,"href":"https:\/\/bernos-beaulac-village-grandeur-nature.com\/index.php\/wp-json\/wp\/v2\/tags?post=251"}],"curies":[{"name":"wp","href":"https:\/\/api.w.org\/{rel}","templated":true}]}}