{"id":215,"date":"2026-02-09T16:06:29","date_gmt":"2026-02-08T12:00:00","guid":{"rendered":"https:\/\/bernos-beaulac-village-grandeur-nature.com\/?p=61"},"modified":"2026-02-09T16:08:59","modified_gmt":"2026-02-09T16:08:59","slug":"antoine-vailhe","status":"publish","type":"post","link":"https:\/\/bernos-beaulac-village-grandeur-nature.com\/index.php\/2026\/02\/09\/antoine-vailhe\/","title":{"rendered":"Antoine VAILHE"},"content":{"rendered":"\n<div class=\"wp-block-columns is-layout-flex wp-container-core-columns-is-layout-28f84493 wp-block-columns-is-layout-flex\">\n<div class=\"wp-block-column is-layout-flow wp-block-column-is-layout-flow\" style=\"flex-basis:33.33%\">\n<figure class=\"wp-block-image size-full has-custom-border\"><img loading=\"lazy\" decoding=\"async\" width=\"436\" height=\"590\" src=\"https:\/\/bernos-beaulac-village-grandeur-nature.com\/wp-content\/uploads\/2026\/02\/antoine.jpg\" alt=\"\" class=\"wp-image-217\" style=\"border-width:5px;border-top-left-radius:50px;border-top-right-radius:50px;border-bottom-left-radius:50px;border-bottom-right-radius:50px\" srcset=\"https:\/\/bernos-beaulac-village-grandeur-nature.com\/wp-content\/uploads\/2026\/02\/antoine.jpg 436w, https:\/\/bernos-beaulac-village-grandeur-nature.com\/wp-content\/uploads\/2026\/02\/antoine-222x300.jpg 222w\" sizes=\"auto, (max-width: 436px) 100vw, 436px\" \/><\/figure>\n<\/div>\n\n\n\n<div class=\"wp-block-column is-layout-flow wp-block-column-is-layout-flow\" style=\"flex-basis:66.66%\">\n<blockquote class=\"wp-block-quote is-layout-flow wp-block-quote-is-layout-flow\">\n<p>Je suis venu m\u2019installer \u00e0 BERNOS-BEAULAC il y a 5 ans avec ma compagne. Deux enfants sont n\u00e9s de notre bonheur \u00e0 vivre ici.<\/p>\n\n\n\n<p>Je suis menuisier &#8211; \u00e9b\u00e9niste et apiculteur depuis 2 ans. Je suis tr\u00e8s attach\u00e9 au respect de l\u2019environnement, au vivre ensemble, \u00e0 l\u2019esprit de village et au dialogue entre celle et ceux qui font vivre notre territoire.<\/p>\n\n\n\n<p>Papa de deux enfants, je souhaite accompagner les familles et soutenir l\u2019association des parents d\u2019\u00e9l\u00e8ves dans ses nombreuses actions au profit des enfants du R.P.I.<\/p>\n\n\n\n<p>La for\u00eat me fascine, elle est aussi mon lieu de travail. Les incendies de 2022 m\u2019ont marqu\u00e9. Je souhaite cr\u00e9er des espaces de d\u00e9bats pour r\u00e9unir et faire dialoguer chasseurs, sylviculteurs, promeneurs, naturalistes et associations, pour parler librement des probl\u00e8mes que peuvent rencontrer ces acteurs.<\/p>\n\n\n\n<p>Je suis un opposant convaincu au projet de Ligne \u00e0 Grande Vitesse (Bordeaux &#8211; Toulouse). Nous devons continuer plus que jamais \u00e0 nous opposer \u00e0 ce projet qui n\u2019est toujours pas boucl\u00e9 financi\u00e8rement mais qui impacte d\u00e9j\u00e0 notre territoire. Si nous voulons pr\u00e9server nos paysages et la Vall\u00e9e du Ciron, palombi\u00e8res et for\u00eats, visons et cistudes, de l\u2019arriv\u00e9e des tractopelles, nous devrons tous nous mobiliser.<\/p>\n\n\n\n<p>J\u2019ai choisi de m\u2019engager avec Jacqueline LARTIGUE RENOUIL et son VILLAGE GRANDEUR NATURE pour son combat de longue date et sans rel\u00e2che, aux c\u00f4t\u00e9s des associations CONTRE ce projet ind\u00e9cent.<\/p>\n\n\n\n<p><\/p>\n<\/blockquote>\n<\/div>\n<\/div>\n","protected":false},"excerpt":{"rendered":"<p>Je suis venu m\u2019installer \u00e0 BERNOS-BEAULAC il y a 5 ans avec ma compagne. Deux enfants sont n\u00e9s de notre bonheur \u00e0 vivre ici. Je suis menuisier &#8211; \u00e9b\u00e9niste et apiculteur depuis 2 ans. Je suis tr\u00e8s attach\u00e9 au respect de l\u2019environnement, au vivre ensemble, \u00e0 l\u2019esprit de village et [&hellip;]<\/p>\n","protected":false},"author":1,"featured_media":217,"comment_status":"closed","ping_status":"open","sticky":false,"template":"","format":"standard","meta":{"footnotes":"","jetpack_publicize_message":"","jetpack_publicize_feature_enabled":true,"jetpack_social_post_already_shared":false,"jetpack_social_options":{"image_generator_settings":{"template":"highway","default_image_id":0,"font":"","enabled":false},"version":2}},"categories":[3,4],"tags":[],"class_list":["post-215","post","type-post","status-publish","format-standard","has-post-thumbnail","hentry","category-_pageprincipale","category-candidats"],"jetpack_publicize_connections":[],"_links":{"self":[{"href":"https:\/\/bernos-beaulac-village-grandeur-nature.com\/index.php\/wp-json\/wp\/v2\/posts\/215","targetHints":{"allow":["GET"]}}],"collection":[{"href":"https:\/\/bernos-beaulac-village-grandeur-nature.com\/index.php\/wp-json\/wp\/v2\/posts"}],"about":[{"href":"https:\/\/bernos-beaulac-village-grandeur-nature.com\/index.php\/wp-json\/wp\/v2\/types\/post"}],"author":[{"embeddable":true,"href":"https:\/\/bernos-beaulac-village-grandeur-nature.com\/index.php\/wp-json\/wp\/v2\/users\/1"}],"replies":[{"embeddable":true,"href":"https:\/\/bernos-beaulac-village-grandeur-nature.com\/index.php\/wp-json\/wp\/v2\/comments?post=215"}],"version-history":[{"count":1,"href":"https:\/\/bernos-beaulac-village-grandeur-nature.com\/index.php\/wp-json\/wp\/v2\/posts\/215\/revisions"}],"predecessor-version":[{"id":218,"href":"https:\/\/bernos-beaulac-village-grandeur-nature.com\/index.php\/wp-json\/wp\/v2\/posts\/215\/revisions\/218"}],"wp:featuredmedia":[{"embeddable":true,"href":"https:\/\/bernos-beaulac-village-grandeur-nature.com\/index.php\/wp-json\/wp\/v2\/media\/217"}],"wp:attachment":[{"href":"https:\/\/bernos-beaulac-village-grandeur-nature.com\/index.php\/wp-json\/wp\/v2\/media?parent=215"}],"wp:term":[{"taxonomy":"category","embeddable":true,"href":"https:\/\/bernos-beaulac-village-grandeur-nature.com\/index.php\/wp-json\/wp\/v2\/categories?post=215"},{"taxonomy":"post_tag","embeddable":true,"href":"https:\/\/bernos-beaulac-village-grandeur-nature.com\/index.php\/wp-json\/wp\/v2\/tags?post=215"}],"curies":[{"name":"wp","href":"https:\/\/api.w.org\/{rel}","templated":true}]}}