{"id":177,"date":"2026-02-07T10:00:00","date_gmt":"2026-02-07T10:00:00","guid":{"rendered":"https:\/\/bernos-beaulac-village-grandeur-nature.com\/?p=61"},"modified":"2026-02-06T21:17:17","modified_gmt":"2026-02-06T21:17:17","slug":"patrick-bonnet","status":"publish","type":"post","link":"https:\/\/bernos-beaulac-village-grandeur-nature.com\/index.php\/2026\/02\/07\/patrick-bonnet\/","title":{"rendered":"Patrick BONNET"},"content":{"rendered":"\n<div class=\"wp-block-columns is-layout-flex wp-container-core-columns-is-layout-28f84493 wp-block-columns-is-layout-flex\">\n<div class=\"wp-block-column is-layout-flow wp-block-column-is-layout-flow\" style=\"flex-basis:33.33%\">\n<figure class=\"wp-block-image size-full has-custom-border\"><img loading=\"lazy\" decoding=\"async\" width=\"1362\" height=\"1984\" src=\"https:\/\/bernos-beaulac-village-grandeur-nature.com\/wp-content\/uploads\/2026\/02\/patrickBonnet.jpg\" alt=\"\" class=\"wp-image-179\" style=\"border-width:5px;border-top-left-radius:50px;border-top-right-radius:50px;border-bottom-left-radius:50px;border-bottom-right-radius:50px\" srcset=\"https:\/\/bernos-beaulac-village-grandeur-nature.com\/wp-content\/uploads\/2026\/02\/patrickBonnet.jpg 1362w, https:\/\/bernos-beaulac-village-grandeur-nature.com\/wp-content\/uploads\/2026\/02\/patrickBonnet-206x300.jpg 206w, https:\/\/bernos-beaulac-village-grandeur-nature.com\/wp-content\/uploads\/2026\/02\/patrickBonnet-703x1024.jpg 703w, https:\/\/bernos-beaulac-village-grandeur-nature.com\/wp-content\/uploads\/2026\/02\/patrickBonnet-768x1119.jpg 768w, https:\/\/bernos-beaulac-village-grandeur-nature.com\/wp-content\/uploads\/2026\/02\/patrickBonnet-1054x1536.jpg 1054w\" sizes=\"auto, (max-width: 1362px) 100vw, 1362px\" \/><figcaption class=\"wp-element-caption\">Screenshot<\/figcaption><\/figure>\n<\/div>\n\n\n\n<div class=\"wp-block-column is-layout-flow wp-block-column-is-layout-flow\" style=\"flex-basis:66.66%\">\n<blockquote class=\"wp-block-quote is-layout-flow wp-block-quote-is-layout-flow\">\n<p>J\u2019ai \u00e9t\u00e9 sollicit\u00e9 par un membre de l\u2019opposition actuelle puis par Jacqueline LARTIGUE RENOUIL, dont j\u2019ai pu appr\u00e9cier rapidement les qualit\u00e9s d\u2019\u00e9coute, de disponibilit\u00e9 et d\u2019engagement sinc\u00e8re. J\u2019ai donc choisi de rejoindre \u00ab BERNOS-BEAULAC, notre Village Grandeur Nature\u00bb.<\/p>\n\n\n\n<p>Le Conseil municipal m\u2019a d\u00e9sign\u00e9 pour participer \u00e0 la \u00ab commission parcellaire intercommunale \u00bb dans le cadre du projet LNSO, ( LGV).<\/p>\n\n\n\n<p>J\u2019ai pu observer lors de diff\u00e9rents conseils municipaux la pugnacit\u00e9 de Madame la Maire contre ce projet auquel moi-m\u00eame je n\u2019adh\u00e8re pas.<\/p>\n\n\n\n<p>J\u2019ajoute que son exp\u00e9rience de la gestion municipale et de la communaut\u00e9 de communes, entour\u00e9e d\u2019une \u00e9quipe d\u00e9j\u00e0 en place, compl\u00e9t\u00e9e par des nouvelles et nouveaux candidats est un atout d\u2019\u00e9quilibre et d\u2019id\u00e9es neuves.<\/p>\n\n\n\n<p>En ces temps de financements difficiles, on ne pourra pas promettre tout et n\u2019importe quoi.<\/p>\n\n\n\n<p>Ce que l\u2019\u00e9quipe a promis en 2020 elle l\u2019a r\u00e9alis\u00e9.<\/p>\n\n\n\n<p>J\u2019ai une formation \u00e9conomique (banque et entreprise) etparall\u00e8lement, issu du service national, j\u2019ai men\u00e9 une carri\u00e8re d\u2019officier sup\u00e9rieur dans la r\u00e9serve op\u00e9rationnelle. Ce sont ces deux exp\u00e9riences.<\/p>\n\n\n\n<p>que je souhaite mettre au service de la commune, au sein des commissions finances et d\u00e9fense\/s\u00e9curit\u00e9.<\/p>\n\n\n\n<p>J\u2019ambitionne d\u2019\u00eatre au service de tous, au sein d\u2019une \u00e9quipe homog\u00e8ne o\u00f9 chacun \u00e0 sa place.<\/p>\n\n\n\n<p>Pour ma part, en tant que futur correspondant d\u00e9fense, (poste \u00e0 cr\u00e9er depuis la loi de 2001), je souhaite \u00e9laborer le plan de sauvegarde communal en collaboration avec les habitants, lesassociations communales, (je pense en particulier aux \u00ab voisins vigilants \u00bb) et bien s\u00fbr, les forces de s\u00e9curit\u00e9.<\/p>\n\n\n\n<p>Permettre ainsi d\u2019assurer la s\u00e9curit\u00e9 de tous en liaison avec la Gendarmerie, les Pompiers et les services de sant\u00e9.<\/p>\n\n\n\n<p>Faire de la commune un endroit de bien et bon vivre.<\/p>\n<\/blockquote>\n<\/div>\n<\/div>\n","protected":false},"excerpt":{"rendered":"<p>J\u2019ai \u00e9t\u00e9 sollicit\u00e9 par un membre de l\u2019opposition actuelle puis par Jacqueline LARTIGUE RENOUIL, dont j\u2019ai pu appr\u00e9cier rapidement les qualit\u00e9s d\u2019\u00e9coute, de disponibilit\u00e9 et d\u2019engagement sinc\u00e8re. J\u2019ai donc choisi de rejoindre \u00ab BERNOS-BEAULAC, notre Village Grandeur Nature\u00bb. Le Conseil municipal m\u2019a d\u00e9sign\u00e9 pour participer \u00e0 la \u00ab commission parcellaire [&hellip;]<\/p>\n","protected":false},"author":1,"featured_media":179,"comment_status":"closed","ping_status":"open","sticky":false,"template":"","format":"standard","meta":{"footnotes":"","jetpack_publicize_message":"","jetpack_publicize_feature_enabled":true,"jetpack_social_post_already_shared":false,"jetpack_social_options":{"image_generator_settings":{"template":"highway","default_image_id":0,"font":"","enabled":false},"version":2}},"categories":[3,4],"tags":[],"class_list":["post-177","post","type-post","status-publish","format-standard","has-post-thumbnail","hentry","category-_pageprincipale","category-candidats"],"jetpack_publicize_connections":[],"_links":{"self":[{"href":"https:\/\/bernos-beaulac-village-grandeur-nature.com\/index.php\/wp-json\/wp\/v2\/posts\/177","targetHints":{"allow":["GET"]}}],"collection":[{"href":"https:\/\/bernos-beaulac-village-grandeur-nature.com\/index.php\/wp-json\/wp\/v2\/posts"}],"about":[{"href":"https:\/\/bernos-beaulac-village-grandeur-nature.com\/index.php\/wp-json\/wp\/v2\/types\/post"}],"author":[{"embeddable":true,"href":"https:\/\/bernos-beaulac-village-grandeur-nature.com\/index.php\/wp-json\/wp\/v2\/users\/1"}],"replies":[{"embeddable":true,"href":"https:\/\/bernos-beaulac-village-grandeur-nature.com\/index.php\/wp-json\/wp\/v2\/comments?post=177"}],"version-history":[{"count":1,"href":"https:\/\/bernos-beaulac-village-grandeur-nature.com\/index.php\/wp-json\/wp\/v2\/posts\/177\/revisions"}],"predecessor-version":[{"id":180,"href":"https:\/\/bernos-beaulac-village-grandeur-nature.com\/index.php\/wp-json\/wp\/v2\/posts\/177\/revisions\/180"}],"wp:featuredmedia":[{"embeddable":true,"href":"https:\/\/bernos-beaulac-village-grandeur-nature.com\/index.php\/wp-json\/wp\/v2\/media\/179"}],"wp:attachment":[{"href":"https:\/\/bernos-beaulac-village-grandeur-nature.com\/index.php\/wp-json\/wp\/v2\/media?parent=177"}],"wp:term":[{"taxonomy":"category","embeddable":true,"href":"https:\/\/bernos-beaulac-village-grandeur-nature.com\/index.php\/wp-json\/wp\/v2\/categories?post=177"},{"taxonomy":"post_tag","embeddable":true,"href":"https:\/\/bernos-beaulac-village-grandeur-nature.com\/index.php\/wp-json\/wp\/v2\/tags?post=177"}],"curies":[{"name":"wp","href":"https:\/\/api.w.org\/{rel}","templated":true}]}}