{"id":173,"date":"2026-02-06T21:12:41","date_gmt":"2026-02-05T20:18:14","guid":{"rendered":"https:\/\/bernos-beaulac-village-grandeur-nature.com\/?p=61"},"modified":"2026-02-08T09:43:40","modified_gmt":"2026-02-08T09:43:40","slug":"martine-cabannes","status":"publish","type":"post","link":"https:\/\/bernos-beaulac-village-grandeur-nature.com\/index.php\/2026\/02\/06\/martine-cabannes\/","title":{"rendered":"Martine CABANNES"},"content":{"rendered":"\n<div class=\"wp-block-columns is-layout-flex wp-container-core-columns-is-layout-28f84493 wp-block-columns-is-layout-flex\">\n<div class=\"wp-block-column is-layout-flow wp-block-column-is-layout-flow\" style=\"flex-basis:33.33%\">\n<figure class=\"wp-block-image size-full has-custom-border\"><img loading=\"lazy\" decoding=\"async\" width=\"1391\" height=\"1872\" src=\"https:\/\/bernos-beaulac-village-grandeur-nature.com\/wp-content\/uploads\/2026\/02\/martine.jpg\" alt=\"\" class=\"wp-image-175\" style=\"border-width:5px;border-top-left-radius:50px;border-top-right-radius:50px;border-bottom-left-radius:50px;border-bottom-right-radius:50px\" srcset=\"https:\/\/bernos-beaulac-village-grandeur-nature.com\/wp-content\/uploads\/2026\/02\/martine.jpg 1391w, https:\/\/bernos-beaulac-village-grandeur-nature.com\/wp-content\/uploads\/2026\/02\/martine-223x300.jpg 223w, https:\/\/bernos-beaulac-village-grandeur-nature.com\/wp-content\/uploads\/2026\/02\/martine-761x1024.jpg 761w, https:\/\/bernos-beaulac-village-grandeur-nature.com\/wp-content\/uploads\/2026\/02\/martine-768x1034.jpg 768w, https:\/\/bernos-beaulac-village-grandeur-nature.com\/wp-content\/uploads\/2026\/02\/martine-1141x1536.jpg 1141w\" sizes=\"auto, (max-width: 1391px) 100vw, 1391px\" \/><\/figure>\n<\/div>\n\n\n\n<div class=\"wp-block-column is-layout-flow wp-block-column-is-layout-flow\" style=\"flex-basis:66.66%\">\n<blockquote class=\"wp-block-quote is-layout-flow wp-block-quote-is-layout-flow\">\n<p>Secr\u00e9taire m\u00e9dicale de formation, j\u2019ai travaill\u00e9 vingt ans dans le secteur priv\u00e9 et fini ma carri\u00e8re dans la fonction publique hospitali\u00e8re.<\/p>\n\n\n\n<p>Sollicit\u00e9e par deux candidats, j\u2019ai choisi de mettre mes comp\u00e9tences au service de Jacqueline LARTIGUE RENOUIL.<\/p>\n\n\n\n<p>R\u00e9sidente \u00e0 temps complet depuis quelques ann\u00e9es seulement, je suis attach\u00e9e \u00e0 Bernos-Beaulac depuis plus de quarante-cinq ans, village d&rsquo;origine de mon mari.<\/p>\n\n\n\n<p>L&rsquo;engagement de Jacqueline pour pr\u00e9server notre douceur de vivre face au projet de la LGV impose le respect.<\/p>\n\n\n\n<p>Je suis secr\u00e9taire des Amis du Patrimoine et donc je suis particuli\u00e8rement sensible \u00e0 la richesse de notre pass\u00e9.<\/p>\n\n\n\n<p>Notre village m\u00e9rite l\u2019investissement total que je souhaite lui consacrer, au sein d\u2019une \u00e9quipe soud\u00e9e, comp\u00e9tente et porteuse d\u2019avenir : Bernos-Beaulac, notre Village Grandeur Nature !<\/p>\n<\/blockquote>\n<\/div>\n<\/div>\n","protected":false},"excerpt":{"rendered":"<p>Secr\u00e9taire m\u00e9dicale de formation, j\u2019ai travaill\u00e9 vingt ans dans le secteur priv\u00e9 et fini ma carri\u00e8re dans la fonction publique hospitali\u00e8re. Sollicit\u00e9e par deux candidats, j\u2019ai choisi de mettre mes comp\u00e9tences au service de Jacqueline LARTIGUE RENOUIL. R\u00e9sidente \u00e0 temps complet depuis quelques ann\u00e9es seulement, je suis attach\u00e9e \u00e0 Bernos-Beaulac [&hellip;]<\/p>\n","protected":false},"author":1,"featured_media":175,"comment_status":"closed","ping_status":"open","sticky":false,"template":"","format":"standard","meta":{"footnotes":"","jetpack_publicize_message":"","jetpack_publicize_feature_enabled":true,"jetpack_social_post_already_shared":false,"jetpack_social_options":{"image_generator_settings":{"template":"highway","default_image_id":0,"font":"","enabled":false},"version":2}},"categories":[3,4],"tags":[],"class_list":["post-173","post","type-post","status-publish","format-standard","has-post-thumbnail","hentry","category-_pageprincipale","category-candidats"],"jetpack_publicize_connections":[],"_links":{"self":[{"href":"https:\/\/bernos-beaulac-village-grandeur-nature.com\/index.php\/wp-json\/wp\/v2\/posts\/173","targetHints":{"allow":["GET"]}}],"collection":[{"href":"https:\/\/bernos-beaulac-village-grandeur-nature.com\/index.php\/wp-json\/wp\/v2\/posts"}],"about":[{"href":"https:\/\/bernos-beaulac-village-grandeur-nature.com\/index.php\/wp-json\/wp\/v2\/types\/post"}],"author":[{"embeddable":true,"href":"https:\/\/bernos-beaulac-village-grandeur-nature.com\/index.php\/wp-json\/wp\/v2\/users\/1"}],"replies":[{"embeddable":true,"href":"https:\/\/bernos-beaulac-village-grandeur-nature.com\/index.php\/wp-json\/wp\/v2\/comments?post=173"}],"version-history":[{"count":1,"href":"https:\/\/bernos-beaulac-village-grandeur-nature.com\/index.php\/wp-json\/wp\/v2\/posts\/173\/revisions"}],"predecessor-version":[{"id":176,"href":"https:\/\/bernos-beaulac-village-grandeur-nature.com\/index.php\/wp-json\/wp\/v2\/posts\/173\/revisions\/176"}],"wp:featuredmedia":[{"embeddable":true,"href":"https:\/\/bernos-beaulac-village-grandeur-nature.com\/index.php\/wp-json\/wp\/v2\/media\/175"}],"wp:attachment":[{"href":"https:\/\/bernos-beaulac-village-grandeur-nature.com\/index.php\/wp-json\/wp\/v2\/media?parent=173"}],"wp:term":[{"taxonomy":"category","embeddable":true,"href":"https:\/\/bernos-beaulac-village-grandeur-nature.com\/index.php\/wp-json\/wp\/v2\/categories?post=173"},{"taxonomy":"post_tag","embeddable":true,"href":"https:\/\/bernos-beaulac-village-grandeur-nature.com\/index.php\/wp-json\/wp\/v2\/tags?post=173"}],"curies":[{"name":"wp","href":"https:\/\/api.w.org\/{rel}","templated":true}]}}