{"id":166,"date":"2026-02-05T20:18:14","date_gmt":"2026-02-05T20:18:14","guid":{"rendered":"https:\/\/bernos-beaulac-village-grandeur-nature.com\/?p=61"},"modified":"2026-02-05T20:18:45","modified_gmt":"2026-02-05T20:18:45","slug":"cathypicard","status":"publish","type":"post","link":"https:\/\/bernos-beaulac-village-grandeur-nature.com\/index.php\/2026\/02\/05\/cathypicard\/","title":{"rendered":"Catherine PICARD"},"content":{"rendered":"\n<div class=\"wp-block-columns is-layout-flex wp-container-core-columns-is-layout-28f84493 wp-block-columns-is-layout-flex\">\n<div class=\"wp-block-column is-layout-flow wp-block-column-is-layout-flow\" style=\"flex-basis:33.33%\">\n<figure class=\"wp-block-image size-full has-custom-border\"><img loading=\"lazy\" decoding=\"async\" width=\"1035\" height=\"1723\" src=\"https:\/\/bernos-beaulac-village-grandeur-nature.com\/wp-content\/uploads\/2026\/02\/cathyPicard.jpg\" alt=\"\" class=\"wp-image-171\" style=\"border-width:5px;border-top-left-radius:50px;border-top-right-radius:50px;border-bottom-left-radius:50px;border-bottom-right-radius:50px\" srcset=\"https:\/\/bernos-beaulac-village-grandeur-nature.com\/wp-content\/uploads\/2026\/02\/cathyPicard.jpg 1035w, https:\/\/bernos-beaulac-village-grandeur-nature.com\/wp-content\/uploads\/2026\/02\/cathyPicard-180x300.jpg 180w, https:\/\/bernos-beaulac-village-grandeur-nature.com\/wp-content\/uploads\/2026\/02\/cathyPicard-615x1024.jpg 615w, https:\/\/bernos-beaulac-village-grandeur-nature.com\/wp-content\/uploads\/2026\/02\/cathyPicard-768x1279.jpg 768w, https:\/\/bernos-beaulac-village-grandeur-nature.com\/wp-content\/uploads\/2026\/02\/cathyPicard-923x1536.jpg 923w\" sizes=\"auto, (max-width: 1035px) 100vw, 1035px\" \/><\/figure>\n<\/div>\n\n\n\n<div class=\"wp-block-column is-layout-flow wp-block-column-is-layout-flow\" style=\"flex-basis:66.66%\">\n<blockquote class=\"wp-block-quote is-layout-flow wp-block-quote-is-layout-flow\">\n<p>Je r\u00e9side \u00e0 BERNOS-BEAULAC depuis 9 ans.<\/p>\n\n\n\n<p>Je travaille en EHPAD, je suis chaque jour au contact des personnes \u00e2g\u00e9es. Ce m\u00e9tier m\u2019a appris l\u2019importance de l\u2019\u00e9coute, du respect et de l\u2019attention port\u00e9e aux autres. Il a renforc\u00e9 mes convictions sur la place essentielle de nos a\u00een\u00e9s dans la vie de la communaut\u00e9.<\/p>\n\n\n\n<p>Je crois \u00e9galement \u00e0 l\u2019importance de cr\u00e9er du lien entre les jeunes et les personnes \u00e2g\u00e9es, afin de favoriser le partage, la transmission et le bien-\u00eatre de chacun. Le vivre-ensemble et la solidarit\u00e9 entre les g\u00e9n\u00e9rations sont pour moi des valeurs fondamentales.<\/p>\n\n\n\n<p>Je m\u2019engage aussi \u00e0 d\u00e9fendre le bonheur de vivre dans un village Grandeur Nature en pr\u00e9servant son cadre de vie, son calme et son environnement, qui participent pleinement \u00e0 la qualit\u00e9 de vie de tous les habitants.<\/p>\n<\/blockquote>\n<\/div>\n<\/div>\n","protected":false},"excerpt":{"rendered":"<p>Je r\u00e9side \u00e0 BERNOS-BEAULAC depuis 9 ans. Je travaille en EHPAD, je suis chaque jour au contact des personnes \u00e2g\u00e9es. Ce m\u00e9tier m\u2019a appris l\u2019importance de l\u2019\u00e9coute, du respect et de l\u2019attention port\u00e9e aux autres. Il a renforc\u00e9 mes convictions sur la place essentielle de nos a\u00een\u00e9s dans la vie [&hellip;]<\/p>\n","protected":false},"author":1,"featured_media":171,"comment_status":"closed","ping_status":"open","sticky":false,"template":"","format":"standard","meta":{"footnotes":"","jetpack_publicize_message":"","jetpack_publicize_feature_enabled":true,"jetpack_social_post_already_shared":false,"jetpack_social_options":{"image_generator_settings":{"template":"highway","default_image_id":0,"font":"","enabled":false},"version":2}},"categories":[3,4],"tags":[],"class_list":["post-166","post","type-post","status-publish","format-standard","has-post-thumbnail","hentry","category-_pageprincipale","category-candidats"],"jetpack_publicize_connections":[],"_links":{"self":[{"href":"https:\/\/bernos-beaulac-village-grandeur-nature.com\/index.php\/wp-json\/wp\/v2\/posts\/166","targetHints":{"allow":["GET"]}}],"collection":[{"href":"https:\/\/bernos-beaulac-village-grandeur-nature.com\/index.php\/wp-json\/wp\/v2\/posts"}],"about":[{"href":"https:\/\/bernos-beaulac-village-grandeur-nature.com\/index.php\/wp-json\/wp\/v2\/types\/post"}],"author":[{"embeddable":true,"href":"https:\/\/bernos-beaulac-village-grandeur-nature.com\/index.php\/wp-json\/wp\/v2\/users\/1"}],"replies":[{"embeddable":true,"href":"https:\/\/bernos-beaulac-village-grandeur-nature.com\/index.php\/wp-json\/wp\/v2\/comments?post=166"}],"version-history":[{"count":2,"href":"https:\/\/bernos-beaulac-village-grandeur-nature.com\/index.php\/wp-json\/wp\/v2\/posts\/166\/revisions"}],"predecessor-version":[{"id":172,"href":"https:\/\/bernos-beaulac-village-grandeur-nature.com\/index.php\/wp-json\/wp\/v2\/posts\/166\/revisions\/172"}],"wp:featuredmedia":[{"embeddable":true,"href":"https:\/\/bernos-beaulac-village-grandeur-nature.com\/index.php\/wp-json\/wp\/v2\/media\/171"}],"wp:attachment":[{"href":"https:\/\/bernos-beaulac-village-grandeur-nature.com\/index.php\/wp-json\/wp\/v2\/media?parent=166"}],"wp:term":[{"taxonomy":"category","embeddable":true,"href":"https:\/\/bernos-beaulac-village-grandeur-nature.com\/index.php\/wp-json\/wp\/v2\/categories?post=166"},{"taxonomy":"post_tag","embeddable":true,"href":"https:\/\/bernos-beaulac-village-grandeur-nature.com\/index.php\/wp-json\/wp\/v2\/tags?post=166"}],"curies":[{"name":"wp","href":"https:\/\/api.w.org\/{rel}","templated":true}]}}