{"id":158,"date":"2026-02-03T18:39:07","date_gmt":"2026-02-03T18:39:07","guid":{"rendered":"https:\/\/bernos-beaulac-village-grandeur-nature.com\/?p=61"},"modified":"2026-02-08T09:44:58","modified_gmt":"2026-02-08T09:44:58","slug":"laetitia-bouix","status":"publish","type":"post","link":"https:\/\/bernos-beaulac-village-grandeur-nature.com\/index.php\/2026\/02\/03\/laetitia-bouix\/","title":{"rendered":"Laetitia BOUIX"},"content":{"rendered":"\n<div class=\"wp-block-columns is-layout-flex wp-container-core-columns-is-layout-28f84493 wp-block-columns-is-layout-flex\">\n<div class=\"wp-block-column is-layout-flow wp-block-column-is-layout-flow\" style=\"flex-basis:33.33%\">\n<figure class=\"wp-block-image size-full has-custom-border\"><img loading=\"lazy\" decoding=\"async\" width=\"640\" height=\"640\" src=\"https:\/\/bernos-beaulac-village-grandeur-nature.com\/wp-content\/uploads\/2026\/02\/laetitia.jpeg\" alt=\"\" class=\"wp-image-160\" style=\"border-width:5px;border-top-left-radius:50px;border-top-right-radius:50px;border-bottom-left-radius:50px;border-bottom-right-radius:50px\" srcset=\"https:\/\/bernos-beaulac-village-grandeur-nature.com\/wp-content\/uploads\/2026\/02\/laetitia.jpeg 640w, https:\/\/bernos-beaulac-village-grandeur-nature.com\/wp-content\/uploads\/2026\/02\/laetitia-300x300.jpeg 300w, https:\/\/bernos-beaulac-village-grandeur-nature.com\/wp-content\/uploads\/2026\/02\/laetitia-150x150.jpeg 150w\" sizes=\"auto, (max-width: 640px) 100vw, 640px\" \/><\/figure>\n<\/div>\n\n\n\n<div class=\"wp-block-column is-layout-flow wp-block-column-is-layout-flow\" style=\"flex-basis:66.66%\">\n<p>Attach\u00e9e au cadre naturel et \u00e0 l\u2019identit\u00e9 de Bernos-Beaulac, je m\u2019engage aux c\u00f4t\u00e9s de l\u2019\u00e9quipe municipale sortante pour une commune qui grandit dans le respect de ses valeurs.<\/p>\n\n\n\n<p>Sensible \u00e0 la pr\u00e9servation de notre environnement et de la vall\u00e9e du Ciron, je souhaite contribuer \u00e0 tisser du lien entre les habitants, valoriser nos ressources locales et construire des projets utiles, r\u00e9alistes et durables.<\/p>\n\n\n\n<p>Mon engagement s\u2019inscrit dans la continuit\u00e9 de l\u2019action men\u00e9e et est guid\u00e9 par l\u2019\u00e9coute, le respect et le sens du collectif.<\/p>\n\n\n\n<p>Je crois \u00e0 une action municipale proche des habitants, transparente et tourn\u00e9e vers l\u2019avenir.Bernos-Beaulac, Notre Village Grandeur Nature est un projet vivant fond\u00e9 sur l\u2019environnement, le lien humain et des actions utiles qui se relient pour faire communaut\u00e9.<\/p>\n\n\n\n<p>Faisons grandir Bernos-Beaulac, tout en restant fid\u00e8les \u00e0 son \u00e2me !<\/p>\n\n\n\n<p><\/p>\n\n\n\n<p><\/p>\n\n\n\n<p><\/p>\n\n\n\n<p><\/p>\n<\/div>\n<\/div>\n\n\n\n<p><\/p>\n","protected":false},"excerpt":{"rendered":"<p>Attach\u00e9e au cadre naturel et \u00e0 l\u2019identit\u00e9 de Bernos-Beaulac, je m\u2019engage aux c\u00f4t\u00e9s de l\u2019\u00e9quipe municipale sortante pour une commune qui grandit dans le respect de ses valeurs. Sensible \u00e0 la pr\u00e9servation de notre environnement et de la vall\u00e9e du Ciron, je souhaite contribuer \u00e0 tisser du lien entre les [&hellip;]<\/p>\n","protected":false},"author":1,"featured_media":160,"comment_status":"closed","ping_status":"open","sticky":false,"template":"","format":"standard","meta":{"footnotes":"","jetpack_publicize_message":"","jetpack_publicize_feature_enabled":true,"jetpack_social_post_already_shared":false,"jetpack_social_options":{"image_generator_settings":{"template":"highway","default_image_id":0,"font":"","enabled":false},"version":2}},"categories":[3,4],"tags":[],"class_list":["post-158","post","type-post","status-publish","format-standard","has-post-thumbnail","hentry","category-_pageprincipale","category-candidats"],"jetpack_publicize_connections":[],"_links":{"self":[{"href":"https:\/\/bernos-beaulac-village-grandeur-nature.com\/index.php\/wp-json\/wp\/v2\/posts\/158","targetHints":{"allow":["GET"]}}],"collection":[{"href":"https:\/\/bernos-beaulac-village-grandeur-nature.com\/index.php\/wp-json\/wp\/v2\/posts"}],"about":[{"href":"https:\/\/bernos-beaulac-village-grandeur-nature.com\/index.php\/wp-json\/wp\/v2\/types\/post"}],"author":[{"embeddable":true,"href":"https:\/\/bernos-beaulac-village-grandeur-nature.com\/index.php\/wp-json\/wp\/v2\/users\/1"}],"replies":[{"embeddable":true,"href":"https:\/\/bernos-beaulac-village-grandeur-nature.com\/index.php\/wp-json\/wp\/v2\/comments?post=158"}],"version-history":[{"count":1,"href":"https:\/\/bernos-beaulac-village-grandeur-nature.com\/index.php\/wp-json\/wp\/v2\/posts\/158\/revisions"}],"predecessor-version":[{"id":161,"href":"https:\/\/bernos-beaulac-village-grandeur-nature.com\/index.php\/wp-json\/wp\/v2\/posts\/158\/revisions\/161"}],"wp:featuredmedia":[{"embeddable":true,"href":"https:\/\/bernos-beaulac-village-grandeur-nature.com\/index.php\/wp-json\/wp\/v2\/media\/160"}],"wp:attachment":[{"href":"https:\/\/bernos-beaulac-village-grandeur-nature.com\/index.php\/wp-json\/wp\/v2\/media?parent=158"}],"wp:term":[{"taxonomy":"category","embeddable":true,"href":"https:\/\/bernos-beaulac-village-grandeur-nature.com\/index.php\/wp-json\/wp\/v2\/categories?post=158"},{"taxonomy":"post_tag","embeddable":true,"href":"https:\/\/bernos-beaulac-village-grandeur-nature.com\/index.php\/wp-json\/wp\/v2\/tags?post=158"}],"curies":[{"name":"wp","href":"https:\/\/api.w.org\/{rel}","templated":true}]}}