{"id":138,"date":"2026-01-31T18:33:12","date_gmt":"2026-01-31T18:33:12","guid":{"rendered":"https:\/\/bernos-beaulac-village-grandeur-nature.com\/?p=61"},"modified":"2026-01-31T18:33:12","modified_gmt":"2026-01-31T18:33:12","slug":"nadine-hubert","status":"publish","type":"post","link":"https:\/\/bernos-beaulac-village-grandeur-nature.com\/index.php\/2026\/01\/31\/nadine-hubert\/","title":{"rendered":"Nadine HUBERT"},"content":{"rendered":"\n<div class=\"wp-block-columns is-layout-flex wp-container-core-columns-is-layout-28f84493 wp-block-columns-is-layout-flex\">\n<div class=\"wp-block-column is-layout-flow wp-block-column-is-layout-flow\" style=\"flex-basis:33.33%\">\n<figure class=\"wp-block-image size-full has-custom-border is-style-rounded wp-duotone-unset-1\"><img loading=\"lazy\" decoding=\"async\" width=\"1536\" height=\"2048\" src=\"https:\/\/bernos-beaulac-village-grandeur-nature.com\/wp-content\/uploads\/2026\/01\/nadineHubert.jpg\" alt=\"Nadine HUBERT\" class=\"wp-image-140\" style=\"border-width:5px;border-top-left-radius:50px;border-top-right-radius:50px;border-bottom-left-radius:50px;border-bottom-right-radius:50px;aspect-ratio:3\/4;object-fit:cover\" srcset=\"https:\/\/bernos-beaulac-village-grandeur-nature.com\/wp-content\/uploads\/2026\/01\/nadineHubert.jpg 1536w, https:\/\/bernos-beaulac-village-grandeur-nature.com\/wp-content\/uploads\/2026\/01\/nadineHubert-225x300.jpg 225w, https:\/\/bernos-beaulac-village-grandeur-nature.com\/wp-content\/uploads\/2026\/01\/nadineHubert-768x1024.jpg 768w, https:\/\/bernos-beaulac-village-grandeur-nature.com\/wp-content\/uploads\/2026\/01\/nadineHubert-1152x1536.jpg 1152w\" sizes=\"auto, (max-width: 1536px) 100vw, 1536px\" \/><\/figure>\n<\/div>\n\n\n\n<div class=\"wp-block-column is-layout-flow wp-block-column-is-layout-flow\" style=\"flex-basis:66.66%\">\n<blockquote class=\"wp-block-quote is-layout-flow wp-block-quote-is-layout-flow\">\n<p>J\u2019ai 61 ans. Auxiliaire de vie dans le d\u00e9partement des Landes pendant 4 ans, j\u2019ai \u00e9t\u00e9 s\u00e9duite par l\u2019engagement sinc\u00e8re et \u00e0 plein temps au sein de son village de Jacqueline LARTIGUE RENOUIL qui forcent le respect. Sa volont\u00e9, son courage et son franc parl\u00e9 lui conf\u00e8rent une grande exp\u00e9rience de sa charge de maire toujours soucieuse de d\u00e9fendre l\u2019int\u00e9r\u00eat g\u00e9n\u00e9ral plut\u00f4t que les int\u00e9r\u00eats particuliers.<\/p>\n\n\n\n<p>Je crois au potentiel de ce beau village et de ses habitants.<\/p>\n\n\n\n<p>J\u2019ai rejoint l\u2019\u00e9quipe de \u00ab BERNOS BEAULAC, notre village Grandeur Nature \u00bb pour, \u00e0 mon tour, participer \u00e0 pr\u00e9server la qualit\u00e9 de vie et le d\u00e9veloppement de la commune en m\u2019investissant notamment aupr\u00e8s des a\u00een\u00e9s et des personnes vuln\u00e9rables.<\/p>\n<\/blockquote>\n<\/div>\n<\/div>\n\n\n\n<p><\/p>\n","protected":false},"excerpt":{"rendered":"<p>J\u2019ai 61 ans. Auxiliaire de vie dans le d\u00e9partement des Landes pendant 4 ans, j\u2019ai \u00e9t\u00e9 s\u00e9duite par l\u2019engagement sinc\u00e8re et \u00e0 plein temps au sein de son village de Jacqueline LARTIGUE RENOUIL qui forcent le respect. Sa volont\u00e9, son courage et son franc parl\u00e9 lui conf\u00e8rent une grande exp\u00e9rience [&hellip;]<\/p>\n","protected":false},"author":1,"featured_media":140,"comment_status":"closed","ping_status":"open","sticky":false,"template":"","format":"standard","meta":{"footnotes":"","jetpack_publicize_message":"","jetpack_publicize_feature_enabled":true,"jetpack_social_post_already_shared":false,"jetpack_social_options":{"image_generator_settings":{"template":"highway","default_image_id":0,"font":"","enabled":false},"version":2}},"categories":[3,4],"tags":[],"class_list":["post-138","post","type-post","status-publish","format-standard","has-post-thumbnail","hentry","category-_pageprincipale","category-candidats"],"jetpack_publicize_connections":[],"_links":{"self":[{"href":"https:\/\/bernos-beaulac-village-grandeur-nature.com\/index.php\/wp-json\/wp\/v2\/posts\/138","targetHints":{"allow":["GET"]}}],"collection":[{"href":"https:\/\/bernos-beaulac-village-grandeur-nature.com\/index.php\/wp-json\/wp\/v2\/posts"}],"about":[{"href":"https:\/\/bernos-beaulac-village-grandeur-nature.com\/index.php\/wp-json\/wp\/v2\/types\/post"}],"author":[{"embeddable":true,"href":"https:\/\/bernos-beaulac-village-grandeur-nature.com\/index.php\/wp-json\/wp\/v2\/users\/1"}],"replies":[{"embeddable":true,"href":"https:\/\/bernos-beaulac-village-grandeur-nature.com\/index.php\/wp-json\/wp\/v2\/comments?post=138"}],"version-history":[{"count":1,"href":"https:\/\/bernos-beaulac-village-grandeur-nature.com\/index.php\/wp-json\/wp\/v2\/posts\/138\/revisions"}],"predecessor-version":[{"id":141,"href":"https:\/\/bernos-beaulac-village-grandeur-nature.com\/index.php\/wp-json\/wp\/v2\/posts\/138\/revisions\/141"}],"wp:featuredmedia":[{"embeddable":true,"href":"https:\/\/bernos-beaulac-village-grandeur-nature.com\/index.php\/wp-json\/wp\/v2\/media\/140"}],"wp:attachment":[{"href":"https:\/\/bernos-beaulac-village-grandeur-nature.com\/index.php\/wp-json\/wp\/v2\/media?parent=138"}],"wp:term":[{"taxonomy":"category","embeddable":true,"href":"https:\/\/bernos-beaulac-village-grandeur-nature.com\/index.php\/wp-json\/wp\/v2\/categories?post=138"},{"taxonomy":"post_tag","embeddable":true,"href":"https:\/\/bernos-beaulac-village-grandeur-nature.com\/index.php\/wp-json\/wp\/v2\/tags?post=138"}],"curies":[{"name":"wp","href":"https:\/\/api.w.org\/{rel}","templated":true}]}}