{"id":134,"date":"2026-01-30T09:37:57","date_gmt":"2026-01-30T09:37:57","guid":{"rendered":"https:\/\/bernos-beaulac-village-grandeur-nature.com\/?p=134"},"modified":"2026-01-30T17:19:31","modified_gmt":"2026-01-30T17:19:31","slug":"lgv-bordeaux-toulouse-non-non-et-indefiniment-non","status":"publish","type":"post","link":"https:\/\/bernos-beaulac-village-grandeur-nature.com\/index.php\/2026\/01\/30\/lgv-bordeaux-toulouse-non-non-et-indefiniment-non\/","title":{"rendered":"LGV Bordeaux-Toulouse non non et ind\u00e9finiment non"},"content":{"rendered":"\n<p>\u00a0\u00bb O\u00f9 en sommes-nous du projet LGV dit LNSO ?<\/p>\n\n\n\n<p>Porteurs du projet et opposant s&rsquo;activent.<\/p>\n\n\n\n<p>La liste bernos-beaulac-village-grandeur-nature.fr est \u00e0 la pointe du combat contre ce projet. Depuis le d\u00e9but votre maire Jacqueline Lartigue-Renouil se bat, souvent esseul\u00e9e, en ayant pris la t\u00eate de&#8230;.<\/p>\n\n\n\n<p>Contre ce projet insupportable financi\u00e8rement et destructeur de notre environnement et pour certains de leurs biens.<\/p>\n\n\n\n<p>Avez-vous remarqu\u00e9 que pour financer ce projet une taxe sp\u00e9ciale d&rsquo;\u00e9quipement vous est pr\u00e9lev\u00e9e sur votre taxe fonci\u00e8re et le sera pendant 40 ans. En 2024 elle a rapport\u00e9 8464\u20ac sur la commune. Autant d&rsquo;argent qui aurait pu \u00eatre mis \u00e0 profit pour d&rsquo;autres besoins.<\/p>\n\n\n\n<p>Des associations qui communiquent sur les r\u00e9seaux sociaux se battent, certains \u00e9lus pas tous \u00e9galement. C&rsquo;est l\u00e0 qu&rsquo;est votre pouvoir d\u00e9mocratique alors que les d\u00e9faitistes annoncent que le projet va se faire sans que l&rsquo;on puisse y faire quelque chose sans parler de ceux qui pour diff\u00e9rentes raisons souvent \u00e9go\u00efstes ou mal inform\u00e9s y sont favorables.<\/p>\n\n\n\n<p>Votre pouvoir d\u00e9mocratique c&rsquo;est de vous informer et d&rsquo;\u00e9lire des personnes d\u00e9favorables au projet que ce soit sur la commune, la communaut\u00e9 de communes ou plus tard aux pr\u00e9sidentielles, l\u00e9gislatives et \u00e9lections r\u00e9gionales (2027-2028).<\/p>\n\n\n\n<p>Un candidat et une \u00e9lue sur votre commune travaillent d\u00e9j\u00e0 sur la commission d&rsquo;am\u00e9nagement foncier en partenariat avec les communes de CUDOS et LUCMAU, un vote le 29 janvier doit d\u00e9cider si nous acceptons le principe, sous l&rsquo;\u00e9gide du conseil d\u00e9partemental, et pendant 2 ans de travailler en collaboration avec un bureau d&rsquo;\u00e9tude faisant des propositions sur les parcelles impact\u00e9es par le projet.<\/p>\n\n\n\n<p>Ceci ne veut absolument pas dire que nous croyons \u00e0 la r\u00e9alisation de la LNSO<\/p>\n\n\n\n<p>Nous essayons d&rsquo;\u00eatre pragmatiques et de gagner du temps en attente de vos votes d\u00e9mocratiques.<\/p>\n\n\n\n<p>Nous vous tiendrons r\u00e9guli\u00e8rement inform\u00e9s de l&rsquo;\u00e9volution. \u00ab\u00a0<\/p>\n\n\n\n<p>Patrick BONNET<\/p>\n","protected":false},"excerpt":{"rendered":"<p>\u00a0\u00bb O\u00f9 en sommes-nous du projet LGV dit LNSO ? Porteurs du projet et opposant s&rsquo;activent. La liste bernos-beaulac-village-grandeur-nature.fr est \u00e0 la pointe du combat contre ce projet. Depuis le d\u00e9but votre maire Jacqueline Lartigue-Renouil se bat, souvent esseul\u00e9e, en ayant pris la t\u00eate de&#8230;. Contre ce projet insupportable financi\u00e8rement [&hellip;]<\/p>\n","protected":false},"author":1,"featured_media":135,"comment_status":"closed","ping_status":"open","sticky":false,"template":"","format":"standard","meta":{"footnotes":"","jetpack_publicize_message":"","jetpack_publicize_feature_enabled":true,"jetpack_social_post_already_shared":false,"jetpack_social_options":{"image_generator_settings":{"template":"highway","default_image_id":0,"font":"","enabled":false},"version":2}},"categories":[3,5],"tags":[],"class_list":["post-134","post","type-post","status-publish","format-standard","has-post-thumbnail","hentry","category-_pageprincipale","category-lgv"],"jetpack_publicize_connections":[],"_links":{"self":[{"href":"https:\/\/bernos-beaulac-village-grandeur-nature.com\/index.php\/wp-json\/wp\/v2\/posts\/134","targetHints":{"allow":["GET"]}}],"collection":[{"href":"https:\/\/bernos-beaulac-village-grandeur-nature.com\/index.php\/wp-json\/wp\/v2\/posts"}],"about":[{"href":"https:\/\/bernos-beaulac-village-grandeur-nature.com\/index.php\/wp-json\/wp\/v2\/types\/post"}],"author":[{"embeddable":true,"href":"https:\/\/bernos-beaulac-village-grandeur-nature.com\/index.php\/wp-json\/wp\/v2\/users\/1"}],"replies":[{"embeddable":true,"href":"https:\/\/bernos-beaulac-village-grandeur-nature.com\/index.php\/wp-json\/wp\/v2\/comments?post=134"}],"version-history":[{"count":2,"href":"https:\/\/bernos-beaulac-village-grandeur-nature.com\/index.php\/wp-json\/wp\/v2\/posts\/134\/revisions"}],"predecessor-version":[{"id":137,"href":"https:\/\/bernos-beaulac-village-grandeur-nature.com\/index.php\/wp-json\/wp\/v2\/posts\/134\/revisions\/137"}],"wp:featuredmedia":[{"embeddable":true,"href":"https:\/\/bernos-beaulac-village-grandeur-nature.com\/index.php\/wp-json\/wp\/v2\/media\/135"}],"wp:attachment":[{"href":"https:\/\/bernos-beaulac-village-grandeur-nature.com\/index.php\/wp-json\/wp\/v2\/media?parent=134"}],"wp:term":[{"taxonomy":"category","embeddable":true,"href":"https:\/\/bernos-beaulac-village-grandeur-nature.com\/index.php\/wp-json\/wp\/v2\/categories?post=134"},{"taxonomy":"post_tag","embeddable":true,"href":"https:\/\/bernos-beaulac-village-grandeur-nature.com\/index.php\/wp-json\/wp\/v2\/tags?post=134"}],"curies":[{"name":"wp","href":"https:\/\/api.w.org\/{rel}","templated":true}]}}